{"id":4584,"date":"2020-06-12T00:48:41","date_gmt":"2020-06-12T00:48:41","guid":{"rendered":"http:\/\/sanjosemalargue.net\/?p=4584"},"modified":"2020-06-12T00:48:41","modified_gmt":"2020-06-12T00:48:41","slug":"primer-egresado-de-tecnicatura-superior-en-proyecto-y-construccion-de-obras","status":"publish","type":"post","link":"https:\/\/sanjosemalargue.net\/?p=4584","title":{"rendered":"PRIMER EGRESADO DE TECNICATURA SUPERIOR EN PROYECTO Y CONSTRUCCI\u00d3N DE OBRAS"},"content":{"rendered":"<p>Rodrigo Cara es el primer mendocino egresado de la Tecnicatura superior en proyecto y construcci\u00f3n de obras, t\u00edtulo que hasta el momento solo otorgar el Instituto Superior diocesano San Jos\u00e9 de Malarg\u00fce.<\/p>\n<p>\u201cSiempre me gust\u00f3 la arquitectura, pero se me complicaba irme a vivir a San Rafael y tener que pagar una cuota para cursarla. Cuando estaba en el \u00faltimo a\u00f1o de la secundaria se abri\u00f3 esta carrera terciaria en el Instituto San Jos\u00e9 y no dud\u00e9 en inscribirme. En menos de tres a\u00f1os y medio pude recibirme porque siempre trat\u00e9 de llevar el estudio al d\u00eda\u201d expres\u00f3 el flamante egresado.<\/p>\n<p>Gracias a un convenio con la Universidad de Mendoza, Rodrigo en marzo pasado pudo ingresar a cursar la carrera de arquitectura, donde actualmente cursa algunas materias de tercer a\u00f1o.<\/p>\n<p>\u201cLa verdad que le tengo que agradecer a los profesores que tuve en la carrera porque no he tenido mayores dificultades ahora con las materias t\u00e9cnicas, si me cost\u00f3 un poco las m\u00e1s art\u00edsticas porque no he visto ese aspecto de la arquitectura ya que en el Instituto nos preparan en proyectos y construcci\u00f3n\u201d indic\u00f3 Rodrigo.<\/p>\n<p>Cara tuvo palabras de reconocimiento para sus compa\u00f1eros porque para \u00e9l fueron una fuente de inspiraci\u00f3n.<\/p>\n<p>\u201cLa mayor\u00eda de mis compa\u00f1eros eran m\u00e1s grandes que yo, casi todos estaban trabajando en el \u00e1mbito de la construcci\u00f3n, con familias a cargo y yo ve\u00eda el esfuerzo que realizaban para poder cursar desde las 19:00 hasta cerca de 24:00 todos los d\u00edas. Como yo s\u00f3lo ten\u00eda que estudiar me esforc\u00e9 por hacerlo con mucha responsabilidad\u201d sostuvo el ahora ex alumno del Instituto.<\/p>\n<p>Sobre el final dijo \u201cel San Jos\u00e9 no solo forma profesionales en aspectos t\u00e9cnicos, sino que me ayud\u00f3, y mucho, en el aspecto humano por la contenci\u00f3n, por el est\u00edmulo constante de los profesores y los directivos a que no bajara los brazos, a que todos seamos cada d\u00eda mejores personas, porque eso marca la diferencia en cualquier \u00e1mbito de la vida y m\u00e1s en la de un profesional\u201d.<\/p>\n<p><strong>Palabras del rector<\/strong><\/p>\n<p>El Lic. Carlos Grosso, rector del Instituto, rese\u00f1\u00f3 que la Tecnicatura en proyecto y construcci\u00f3n de obras fue un proyecto que comenz\u00f3 a gestarse en la instituci\u00f3n en 2014, para dar respuesta a una necesidad concreta diagnosticada en la provincia y en Malarg\u00fce, en particular.<\/p>\n<p>\u201cContamos con un equipo profesional que puso lo mejor de s\u00ed para darle forma al proyecto y el apoyo pol\u00edtico del poder Ejecutivo y legislativo municipal y provincial, que la entonces Senadora por Malarg\u00fce, Silvia Calvi, supo congregar a nuestro alrededor. Sumado a ello el apoyo y asistencia t\u00e9cnica de la Universidad de Mendoza, en la persona del Arq. Eduardo Salom\u00f3n, y a la invalorable gesti\u00f3n y apoyo de la Coordinaci\u00f3n General de Educaci\u00f3n Superior de la Provincia de Mendoza, en la persona del Ing. Horacio Dalmaso, nos permitieron llegar hasta aqu\u00ed\u201d puntualiz\u00f3 Grosso.<\/p>\n<p>Seguidamente agreg\u00f3 \u201ccelebramos la titulaci\u00f3n de nuestro primer egresado provincial de la Tecnicatura Superior en Proyecto y construcci\u00f3n de Obras, el Se\u00f1or Rodrigo Cara, un joven que crey\u00f3 en nuestra propuesta y m\u00e1s satisfacci\u00f3n nos da que haya iniciado su formaci\u00f3n de grado por el convenio de articulaci\u00f3n con la Facultad de Arquitectura de San Rafael de la Universidad de Mendoza.<\/p>\n<p>\u201cHoy el Instituto Diocesano San Jos\u00e9 todo sigue apostando a un futuro mejor para todos, sin olvidar nuestras ra\u00edces\u201d concluy\u00f3 el directivo.<\/p>\n<p><strong>Perfil del T\u00e9cnico superior en proyecto y construcci\u00f3n de obras<\/strong><\/p>\n<p>El t\u00e9cnico superior en proyecto y construcci\u00f3n de obras puede desempe\u00f1arse en empresas constructoras y contratistas de especialidades en diversos rubros (inmobiliario, obras civiles, obras viales, montaje, etc\u00e9tera).\u00a0 Administraci\u00f3n p\u00fablica y entidades reguladoras. \u00a0Inspecci\u00f3n t\u00e9cnica de obra. Consultoras y equipos asesores. Tambi\u00e9n como trabajador independiente en la especialidad.<\/p>\n<p>En el mundo de la construcci\u00f3n es cada vez es m\u00e1s importante contar con profesionales capacitados para entregar soluciones eficientes y de calidad. Por lo mismo, esta carrera propone realizar un marcado \u00e9nfasis en el desarrollo de las actividades involucradas en los proyectos de construcci\u00f3n, con una orientaci\u00f3n al desarrollo de las habilidades sociales, cumpliendo con el prop\u00f3sito de la instituci\u00f3n de formar t\u00e9cnicos y personas que se desempe\u00f1en con \u00e9xito en el mundo laboral.<\/p>\n<p>Cabe destacar que alumnos de la carrera han dise\u00f1ado ampliaciones de centros de salud de la ciudad de Malarg\u00fce, lo que una vez supervisados por la municipalidad se est\u00e1n ejecutando o en v\u00edas de hacerlo.<\/p>\n<p>Coordinando con la carrera de Profesorado de educaci\u00f3n especial, priorizada por el gobierno de Mendoza y que tambi\u00e9n se dicta en el Instituto San Jos\u00e9, se han dise\u00f1ado planos de viviendas para familias con discapacitados y establecimientos educativos para estas personas que se encuentran a disposici\u00f3n de la comunidad para su ejecuci\u00f3n en el \u00e1mbito p\u00fablico como privado.<\/p>\n<figure id=\"attachment_4585\" aria-describedby=\"caption-attachment-4585\" style=\"width: 296px\" class=\"wp-caption alignnone\"><a href=\"http:\/\/sanjosemalargue.net\/wp-content\/uploads\/2020\/06\/3acb3b9c-d715-4599-8cc1-214e2d5122f6.jpg\"><img fetchpriority=\"high\" decoding=\"async\" class=\"size-medium wp-image-4585\" src=\"http:\/\/sanjosemalargue.net\/wp-content\/uploads\/2020\/06\/3acb3b9c-d715-4599-8cc1-214e2d5122f6-296x300.jpg\" alt=\"\" width=\"296\" height=\"300\" srcset=\"https:\/\/sanjosemalargue.net\/wp-content\/uploads\/2020\/06\/3acb3b9c-d715-4599-8cc1-214e2d5122f6-296x300.jpg 296w, https:\/\/sanjosemalargue.net\/wp-content\/uploads\/2020\/06\/3acb3b9c-d715-4599-8cc1-214e2d5122f6.jpg 712w\" sizes=\"(max-width: 296px) 100vw, 296px\" \/><\/a><figcaption id=\"caption-attachment-4585\" class=\"wp-caption-text\">Rodrigo Cara, primer egresado de la carrera T\u00e9cnico superior en proyecto y construcci\u00f3n de obras<\/figcaption><\/figure>\n","protected":false},"excerpt":{"rendered":"<p>Rodrigo Cara es el primer mendocino egresado de la Tecnicatura superior en proyecto y construcci\u00f3n de obras, t\u00edtulo que hasta el momento solo otorgar el Instituto Superior diocesano San Jos\u00e9 de Malarg\u00fce. \u201cSiempre me gust\u00f3 la arquitectura, pero se me complicaba irme a vivir a San Rafael y tener que pagar una cuota para cursarla&#8230;.<\/p>\n","protected":false},"author":4,"featured_media":4586,"comment_status":"closed","ping_status":"open","sticky":false,"template":"","format":"standard","meta":{"footnotes":""},"categories":[70,48],"tags":[],"class_list":["post-4584","post","type-post","status-publish","format-standard","has-post-thumbnail","hentry","category-noticiasterciario","category-novedades"],"_links":{"self":[{"href":"https:\/\/sanjosemalargue.net\/index.php?rest_route=\/wp\/v2\/posts\/4584","targetHints":{"allow":["GET"]}}],"collection":[{"href":"https:\/\/sanjosemalargue.net\/index.php?rest_route=\/wp\/v2\/posts"}],"about":[{"href":"https:\/\/sanjosemalargue.net\/index.php?rest_route=\/wp\/v2\/types\/post"}],"author":[{"embeddable":true,"href":"https:\/\/sanjosemalargue.net\/index.php?rest_route=\/wp\/v2\/users\/4"}],"replies":[{"embeddable":true,"href":"https:\/\/sanjosemalargue.net\/index.php?rest_route=%2Fwp%2Fv2%2Fcomments&post=4584"}],"version-history":[{"count":1,"href":"https:\/\/sanjosemalargue.net\/index.php?rest_route=\/wp\/v2\/posts\/4584\/revisions"}],"predecessor-version":[{"id":4587,"href":"https:\/\/sanjosemalargue.net\/index.php?rest_route=\/wp\/v2\/posts\/4584\/revisions\/4587"}],"wp:featuredmedia":[{"embeddable":true,"href":"https:\/\/sanjosemalargue.net\/index.php?rest_route=\/wp\/v2\/media\/4586"}],"wp:attachment":[{"href":"https:\/\/sanjosemalargue.net\/index.php?rest_route=%2Fwp%2Fv2%2Fmedia&parent=4584"}],"wp:term":[{"taxonomy":"category","embeddable":true,"href":"https:\/\/sanjosemalargue.net\/index.php?rest_route=%2Fwp%2Fv2%2Fcategories&post=4584"},{"taxonomy":"post_tag","embeddable":true,"href":"https:\/\/sanjosemalargue.net\/index.php?rest_route=%2Fwp%2Fv2%2Ftags&post=4584"}],"curies":[{"name":"wp","href":"https:\/\/api.w.org\/{rel}","templated":true}]}}